{"id":5429,"date":"2021-02-28T21:25:15","date_gmt":"2021-02-28T20:25:15","guid":{"rendered":"https:\/\/carmanbar2020.de\/carmanbar2020\/?p=5429"},"modified":"2021-02-28T21:25:19","modified_gmt":"2021-02-28T20:25:19","slug":"2-welle-tag-119-3","status":"publish","type":"post","link":"https:\/\/carmanbar2020.de\/carmanbar2020\/2-welle-tag-119-3\/","title":{"rendered":"2. Welle \/ Tag 119"},"content":{"rendered":"<p>[et_pb_section fb_built=&#8220;1&#8243; _builder_version=&#8220;4.3.4&#8243;][et_pb_row _builder_version=&#8220;4.3.4&#8243;][et_pb_column type=&#8220;4_4&#8243; _builder_version=&#8220;4.3.4&#8243;][et_pb_image _builder_version=&#8220;4.7.6&#8243; max_height=&#8220;600px&#8220; hover_enabled=&#8220;0&#8243; title_text=&#8220;Corona_119_28.02.21&#8243; src=&#8220;https:\/\/carmanbar2020.de\/wp-content\/uploads\/2021\/02\/Corona_119_28.02.21.jpg&#8220; sticky_enabled=&#8220;0&#8243;][\/et_pb_image][\/et_pb_column][\/et_pb_row][et_pb_row _builder_version=&#8220;4.3.4&#8243;][et_pb_column type=&#8220;4_4&#8243; _builder_version=&#8220;4.3.4&#8243;][et_pb_text _builder_version=&#8220;4.7.6&#8243; hover_enabled=&#8220;0&#8243; sticky_enabled=&#8220;0&#8243;]<\/p>\n<h4>Noch ein letztes Mal das Thema Tod in der Thalkirchnerstra\u00dfe: Der j\u00fcdische Friedhof in der Abendd\u00e4mmerung, fotografiert durch das Gitter eines der Tore. Aufgenommen ist das Foto mit dem 35er Summilux \u201epre-aspherical\u201c bei Blende 1.4 <br \/>(was an der Digitalkamera diesen wunderbaren \u201eSchmelz\u201c erzeugt).<\/h4>\n<p>[\/et_pb_text][\/et_pb_column][\/et_pb_row][et_pb_row _builder_version=&#8220;4.3.4&#8243;][et_pb_column type=&#8220;4_4&#8243; _builder_version=&#8220;4.3.4&#8243;][et_pb_post_nav in_same_term=&#8220;on&#8220; _builder_version=&#8220;4.3.4&#8243;][\/et_pb_post_nav][\/et_pb_column][\/et_pb_row][\/et_pb_section]<\/p>\n","protected":false},"excerpt":{"rendered":"<p>Noch ein letztes Mal das Thema Tod in der Thalkirchnerstra\u00dfe: Der j\u00fcdische Friedhof in der Abendd\u00e4mmerung, fotografiert durch das Gitter eines der Tore. Aufgenommen ist das Foto mit dem 35er Summilux \u201epre-aspherical\u201c bei Blende 1.4 (was an der Digitalkamera diesen wunderbaren \u201eSchmelz\u201c erzeugt).<\/p>\n","protected":false},"author":1,"featured_media":0,"comment_status":"closed","ping_status":"open","sticky":false,"template":"","format":"standard","meta":{"_et_pb_use_builder":"on","_et_pb_old_content":"","_et_gb_content_width":"","footnotes":""},"categories":[16],"tags":[],"class_list":["post-5429","post","type-post","status-publish","format-standard","hentry","category-man-2"],"_links":{"self":[{"href":"https:\/\/carmanbar2020.de\/carmanbar2020\/wp-json\/wp\/v2\/posts\/5429","targetHints":{"allow":["GET"]}}],"collection":[{"href":"https:\/\/carmanbar2020.de\/carmanbar2020\/wp-json\/wp\/v2\/posts"}],"about":[{"href":"https:\/\/carmanbar2020.de\/carmanbar2020\/wp-json\/wp\/v2\/types\/post"}],"author":[{"embeddable":true,"href":"https:\/\/carmanbar2020.de\/carmanbar2020\/wp-json\/wp\/v2\/users\/1"}],"replies":[{"embeddable":true,"href":"https:\/\/carmanbar2020.de\/carmanbar2020\/wp-json\/wp\/v2\/comments?post=5429"}],"version-history":[{"count":4,"href":"https:\/\/carmanbar2020.de\/carmanbar2020\/wp-json\/wp\/v2\/posts\/5429\/revisions"}],"predecessor-version":[{"id":5434,"href":"https:\/\/carmanbar2020.de\/carmanbar2020\/wp-json\/wp\/v2\/posts\/5429\/revisions\/5434"}],"wp:attachment":[{"href":"https:\/\/carmanbar2020.de\/carmanbar2020\/wp-json\/wp\/v2\/media?parent=5429"}],"wp:term":[{"taxonomy":"category","embeddable":true,"href":"https:\/\/carmanbar2020.de\/carmanbar2020\/wp-json\/wp\/v2\/categories?post=5429"},{"taxonomy":"post_tag","embeddable":true,"href":"https:\/\/carmanbar2020.de\/carmanbar2020\/wp-json\/wp\/v2\/tags?post=5429"}],"curies":[{"name":"wp","href":"https:\/\/api.w.org\/{rel}","templated":true}]}}